{"id":1194,"date":"2020-11-20T14:24:35","date_gmt":"2020-11-20T14:24:35","guid":{"rendered":"https:\/\/www.jlmardaras.es\/?p=1194"},"modified":"2020-11-20T14:24:35","modified_gmt":"2020-11-20T14:24:35","slug":"transporte-profesional-de-mercancias","status":"publish","type":"post","link":"https:\/\/www.jlmardaras.es\/en\/transporte-profesional-de-mercancias\/","title":{"rendered":"Transporte profesional de mercanc\u00edas"},"content":{"rendered":"<p>Con la inminente extensi\u00f3n que ha tenido la Covid19 en todo el mundo, no es de extra\u00f1ar que todos los sectores econ\u00f3micos hayan experimentado cambios o descensos en lo que va de a\u00f1o.<\/p>\n\n\n\n<p>Desde que se decret\u00f3 la alerta mundial en el mes de marzo la din\u00e1mica social se va ha visto modificada. El <strong>transporte profesional de mercanc\u00edas no escapa a esta realidad<\/strong>.<\/p>\n\n\n\n<h2 class=\"wp-block-heading\"><strong>El desaf\u00edo para el Transporte Profesional de Mercanc\u00edas<\/strong><\/h2>\n\n\n\n<p>Quienes se desempe\u00f1an en esta labor, han tenido que plantear nuevas metodolog\u00edas. Estas, con la misi\u00f3n de llevar al cliente su mercanc\u00eda en los tiempos de entrega preestablecidos y manteniendo un sentido de conciencia ante los cuidados y medidas. La prevenci\u00f3n del virus es una obligaci\u00f3n.<\/p>\n\n\n\n<p>Sin embargo, no ha sido sencillo lidiar con temas como la seguridad de los veh\u00edculos y de los transportistas, ubicaciones protegidas, la administraci\u00f3n, y las posturas del gobierno para contrarrestar los estragos de la crisis sanitaria.<\/p>\n\n\n\n<p>A\u00fan se discuten muchos de estos temas que repercuten en el \u00e1nimo de los profesionales y por supuesto en los clientes que requieren de la labor de quienes prestan este servicio. Lo cierto es que mientras exista la disposici\u00f3n de dialogar en pro del desarrollo del pa\u00eds, siempre se podr\u00e1 llegar a un consenso.<\/p>\n\n\n\n<h2 class=\"wp-block-heading\"><strong>Las nuevas metodolog\u00edas y el esfuerzo de Grupo Mardaras<\/strong><\/h2>\n\n\n\n<p>Sin importar la dura situaci\u00f3n que nos ha tra\u00eddo esta pandemia, es importante que los clientes cuenten con servicios que garanticen el cumplimiento de las normas que han surgido durante este a\u00f1o.<\/p>\n\n\n\n<p>Por supuesto, estos deben estar acopladas a los sistemas que ya se ven\u00edan aplicando en referencia al <strong>transporte profesional de mercanc\u00edas<\/strong>. Recordemos que mientras no se cuente con una vacuna que detenga por completo la propagaci\u00f3n de la Covid-19, las compa\u00f1\u00edas deben seguir funcionando. Sin embargo, la diferencia es que ahora se deben implementar medidas de prevenci\u00f3n.<\/p>\n\n\n\n<p>A todas estas, en <strong>Grupo Mardaras<\/strong> continuamos trabajando para brindarles a los clientes un servicio de calidad. Garantizamos la seguridad de que las mercanc\u00edas llegar\u00e1n en \u00f3ptimas condiciones a su destino. Asimismo, promovemos en el transcurso de este proceso un mensaje de cuidado y prevenci\u00f3n ante el virus.<\/p>\n\n\n\n<p><strong>Ponte en contacto con nosotros <a href=\"https:\/\/www.jlmardaras.es\/en\/contacto\/\">AQU\u00cd<\/a> para conocer m\u00e1s de nuestros servicios<\/strong>.<\/p>","protected":false},"excerpt":{"rendered":"Con la inminente extensi\u00f3n que ha tenido la Covid19 en todo el mundo, no es de extra\u00f1ar que todos los sectores econ\u00f3micos hayan experimentado cambios o descensos en lo que va de a\u00f1o. Desde que se decret\u00f3 la alerta mundial en el mes de marzo la din\u00e1mica social se va ha visto modificada. El transporte profesional de mercanc\u00edas no escapa a esta realidad. El desaf\u00edo para el Transporte Profesional de Mercanc\u00edas Quienes se desempe\u00f1an en esta labor, han tenido que plantear nuevas metodolog\u00edas. Estas, con la misi\u00f3n de llevar al cliente su mercanc\u00eda en los tiempos de entrega preestablecidos y manteniendo un sentido de conciencia ante los cuidados y medidas. La prevenci\u00f3n del virus es una obligaci\u00f3n. Sin embargo, no ha sido sencillo lidiar con temas como la seguridad de los veh\u00edculos y de los transportistas, ubicaciones protegidas, la administraci\u00f3n, y las posturas del gobierno para contrarrestar los estragos de [&hellip;]","protected":false},"author":2,"featured_media":942,"comment_status":"closed","ping_status":"closed","sticky":false,"template":"","format":"standard","meta":{"footnotes":""},"categories":[16],"tags":[100,102,204,88,255,89,262],"class_list":["post-1194","post","type-post","status-publish","format-standard","has-post-thumbnail","hentry","category-actualidad","tag-empresa-de-transporte-cantabria","tag-servicios-de-transporte-en-cantabria","tag-transporte-de-mercancias","tag-transporte-de-mercancias-en-cantabria","tag-transporte-mercancias-cantabria","tag-transporte-por-carretera-cantabria","tag-transporte-profesional-de-mercancias"],"yoast_head":"<!-- This site is optimized with the Yoast SEO plugin v19.13 - https:\/\/yoast.com\/wordpress\/plugins\/seo\/ -->\n<title>Transporte profesional de mercanc\u00edas - Grupo MARDARAS<\/title>\n<meta name=\"robots\" content=\"index, follow, max-snippet:-1, max-image-preview:large, max-video-preview:-1\" \/>\n<link rel=\"canonical\" href=\"https:\/\/www.jlmardaras.es\/en\/transporte-profesional-de-mercancias\/\" \/>\n<meta property=\"og:locale\" content=\"en_GB\" \/>\n<meta property=\"og:type\" content=\"article\" \/>\n<meta property=\"og:title\" content=\"Transporte profesional de mercanc\u00edas - Grupo MARDARAS\" \/>\n<meta property=\"og:description\" content=\"Con la inminente extensi\u00f3n que ha tenido la Covid19 en todo el mundo, no es de extra\u00f1ar que todos los sectores econ\u00f3micos hayan experimentado cambios o descensos en lo que va de a\u00f1o. Desde que se decret\u00f3 la alerta mundial en el mes de marzo la din\u00e1mica social se va ha visto modificada. El transporte profesional de mercanc\u00edas no escapa a esta realidad. El desaf\u00edo para el Transporte Profesional de Mercanc\u00edas Quienes se desempe\u00f1an en esta labor, han tenido que plantear nuevas metodolog\u00edas. Estas, con la misi\u00f3n de llevar al cliente su mercanc\u00eda en los tiempos de entrega preestablecidos y manteniendo un sentido de conciencia ante los cuidados y medidas. La prevenci\u00f3n del virus es una obligaci\u00f3n. Sin embargo, no ha sido sencillo lidiar con temas como la seguridad de los veh\u00edculos y de los transportistas, ubicaciones protegidas, la administraci\u00f3n, y las posturas del gobierno para contrarrestar los estragos de [&hellip;]\" \/>\n<meta property=\"og:url\" content=\"https:\/\/www.jlmardaras.es\/en\/transporte-profesional-de-mercancias\/\" \/>\n<meta property=\"og:site_name\" content=\"Grupo MARDARAS\" \/>\n<meta property=\"article:published_time\" content=\"2020-11-20T14:24:35+00:00\" \/>\n<meta property=\"og:image\" content=\"https:\/\/www.jlmardaras.es\/wp-content\/uploads\/2019\/08\/transporte-de-mercancias-en-cantabria-scaled.jpg\" \/>\n\t<meta property=\"og:image:width\" content=\"2560\" \/>\n\t<meta property=\"og:image:height\" content=\"1707\" \/>\n\t<meta property=\"og:image:type\" content=\"image\/jpeg\" \/>\n<meta name=\"author\" content=\"JLMardaras\" \/>\n<meta name=\"twitter:card\" content=\"summary_large_image\" \/>\n<meta name=\"twitter:label1\" content=\"Written by\" \/>\n\t<meta name=\"twitter:data1\" content=\"JLMardaras\" \/>\n\t<meta name=\"twitter:label2\" content=\"Estimated reading time\" \/>\n\t<meta name=\"twitter:data2\" content=\"2 minutes\" \/>\n<script type=\"application\/ld+json\" class=\"yoast-schema-graph\">{\"@context\":\"https:\/\/schema.org\",\"@graph\":[{\"@type\":\"Article\",\"@id\":\"https:\/\/www.jlmardaras.es\/transporte-profesional-de-mercancias\/#article\",\"isPartOf\":{\"@id\":\"https:\/\/www.jlmardaras.es\/transporte-profesional-de-mercancias\/\"},\"author\":{\"name\":\"JLMardaras\",\"@id\":\"https:\/\/www.jlmardaras.es\/#\/schema\/person\/b278ff41dcd29e841ec6c88599bc0f41\"},\"headline\":\"Transporte profesional de mercanc\u00edas\",\"datePublished\":\"2020-11-20T14:24:35+00:00\",\"dateModified\":\"2020-11-20T14:24:35+00:00\",\"mainEntityOfPage\":{\"@id\":\"https:\/\/www.jlmardaras.es\/transporte-profesional-de-mercancias\/\"},\"wordCount\":402,\"publisher\":{\"@id\":\"https:\/\/www.jlmardaras.es\/#organization\"},\"keywords\":[\"empresa de transporte Cantabria\",\"servicios de transporte en Cantabria\",\"transporte de mercancias\",\"transporte de mercancias en cantabria\",\"transporte mercanc\u00edas Cantabria\",\"transporte por carretera cantabria\",\"Transporte profesional de mercanc\u00edas\"],\"articleSection\":[\"ACTUALIDAD\"],\"inLanguage\":\"en-GB\"},{\"@type\":\"WebPage\",\"@id\":\"https:\/\/www.jlmardaras.es\/transporte-profesional-de-mercancias\/\",\"url\":\"https:\/\/www.jlmardaras.es\/transporte-profesional-de-mercancias\/\",\"name\":\"Transporte profesional de mercanc\u00edas - Grupo MARDARAS\",\"isPartOf\":{\"@id\":\"https:\/\/www.jlmardaras.es\/#website\"},\"datePublished\":\"2020-11-20T14:24:35+00:00\",\"dateModified\":\"2020-11-20T14:24:35+00:00\",\"breadcrumb\":{\"@id\":\"https:\/\/www.jlmardaras.es\/transporte-profesional-de-mercancias\/#breadcrumb\"},\"inLanguage\":\"en-GB\",\"potentialAction\":[{\"@type\":\"ReadAction\",\"target\":[\"https:\/\/www.jlmardaras.es\/transporte-profesional-de-mercancias\/\"]}]},{\"@type\":\"BreadcrumbList\",\"@id\":\"https:\/\/www.jlmardaras.es\/transporte-profesional-de-mercancias\/#breadcrumb\",\"itemListElement\":[{\"@type\":\"ListItem\",\"position\":1,\"name\":\"Portada\",\"item\":\"https:\/\/www.jlmardaras.es\/\"},{\"@type\":\"ListItem\",\"position\":2,\"name\":\"Transporte profesional de mercanc\u00edas\"}]},{\"@type\":\"WebSite\",\"@id\":\"https:\/\/www.jlmardaras.es\/#website\",\"url\":\"https:\/\/www.jlmardaras.es\/\",\"name\":\"Grupo MARDARAS\",\"description\":\"Transportes y Gruas\",\"publisher\":{\"@id\":\"https:\/\/www.jlmardaras.es\/#organization\"},\"potentialAction\":[{\"@type\":\"SearchAction\",\"target\":{\"@type\":\"EntryPoint\",\"urlTemplate\":\"https:\/\/www.jlmardaras.es\/?s={search_term_string}\"},\"query-input\":\"required name=search_term_string\"}],\"inLanguage\":\"en-GB\"},{\"@type\":\"Organization\",\"@id\":\"https:\/\/www.jlmardaras.es\/#organization\",\"name\":\"Grupo MARDARAS\",\"url\":\"https:\/\/www.jlmardaras.es\/\",\"logo\":{\"@type\":\"ImageObject\",\"inLanguage\":\"en-GB\",\"@id\":\"https:\/\/www.jlmardaras.es\/#\/schema\/logo\/image\/\",\"url\":\"https:\/\/www.jlmardaras.es\/wp-content\/uploads\/2022\/12\/cropped-logo-mardaras-izq.jpeg\",\"contentUrl\":\"https:\/\/www.jlmardaras.es\/wp-content\/uploads\/2022\/12\/cropped-logo-mardaras-izq.jpeg\",\"width\":320,\"height\":108,\"caption\":\"Grupo MARDARAS\"},\"image\":{\"@id\":\"https:\/\/www.jlmardaras.es\/#\/schema\/logo\/image\/\"}},{\"@type\":\"Person\",\"@id\":\"https:\/\/www.jlmardaras.es\/#\/schema\/person\/b278ff41dcd29e841ec6c88599bc0f41\",\"name\":\"JLMardaras\",\"image\":{\"@type\":\"ImageObject\",\"inLanguage\":\"en-GB\",\"@id\":\"https:\/\/www.jlmardaras.es\/#\/schema\/person\/image\/\",\"url\":\"https:\/\/secure.gravatar.com\/avatar\/1698fce417cb2066a686ff5051a43ef81c56a442278f842a054b18f0c14974ef?s=96&d=mm&r=g\",\"contentUrl\":\"https:\/\/secure.gravatar.com\/avatar\/1698fce417cb2066a686ff5051a43ef81c56a442278f842a054b18f0c14974ef?s=96&d=mm&r=g\",\"caption\":\"JLMardaras\"},\"url\":\"https:\/\/www.jlmardaras.es\/en\/author\/jlmardaras\/\"}]}<\/script>\n<!-- \/ Yoast SEO plugin. -->","yoast_head_json":{"title":"Transporte profesional de mercanc\u00edas - Grupo MARDARAS","robots":{"index":"index","follow":"follow","max-snippet":"max-snippet:-1","max-image-preview":"max-image-preview:large","max-video-preview":"max-video-preview:-1"},"canonical":"https:\/\/www.jlmardaras.es\/en\/transporte-profesional-de-mercancias\/","og_locale":"en_GB","og_type":"article","og_title":"Transporte profesional de mercanc\u00edas - Grupo MARDARAS","og_description":"Con la inminente extensi\u00f3n que ha tenido la Covid19 en todo el mundo, no es de extra\u00f1ar que todos los sectores econ\u00f3micos hayan experimentado cambios o descensos en lo que va de a\u00f1o. Desde que se decret\u00f3 la alerta mundial en el mes de marzo la din\u00e1mica social se va ha visto modificada. El transporte profesional de mercanc\u00edas no escapa a esta realidad. El desaf\u00edo para el Transporte Profesional de Mercanc\u00edas Quienes se desempe\u00f1an en esta labor, han tenido que plantear nuevas metodolog\u00edas. Estas, con la misi\u00f3n de llevar al cliente su mercanc\u00eda en los tiempos de entrega preestablecidos y manteniendo un sentido de conciencia ante los cuidados y medidas. La prevenci\u00f3n del virus es una obligaci\u00f3n. Sin embargo, no ha sido sencillo lidiar con temas como la seguridad de los veh\u00edculos y de los transportistas, ubicaciones protegidas, la administraci\u00f3n, y las posturas del gobierno para contrarrestar los estragos de [&hellip;]","og_url":"https:\/\/www.jlmardaras.es\/en\/transporte-profesional-de-mercancias\/","og_site_name":"Grupo MARDARAS","article_published_time":"2020-11-20T14:24:35+00:00","og_image":[{"width":2560,"height":1707,"url":"https:\/\/www.jlmardaras.es\/wp-content\/uploads\/2019\/08\/transporte-de-mercancias-en-cantabria-scaled.jpg","type":"image\/jpeg"}],"author":"JLMardaras","twitter_card":"summary_large_image","twitter_misc":{"Written by":"JLMardaras","Estimated reading time":"2 minutes"},"schema":{"@context":"https:\/\/schema.org","@graph":[{"@type":"Article","@id":"https:\/\/www.jlmardaras.es\/transporte-profesional-de-mercancias\/#article","isPartOf":{"@id":"https:\/\/www.jlmardaras.es\/transporte-profesional-de-mercancias\/"},"author":{"name":"JLMardaras","@id":"https:\/\/www.jlmardaras.es\/#\/schema\/person\/b278ff41dcd29e841ec6c88599bc0f41"},"headline":"Transporte profesional de mercanc\u00edas","datePublished":"2020-11-20T14:24:35+00:00","dateModified":"2020-11-20T14:24:35+00:00","mainEntityOfPage":{"@id":"https:\/\/www.jlmardaras.es\/transporte-profesional-de-mercancias\/"},"wordCount":402,"publisher":{"@id":"https:\/\/www.jlmardaras.es\/#organization"},"keywords":["empresa de transporte Cantabria","servicios de transporte en Cantabria","transporte de mercancias","transporte de mercancias en cantabria","transporte mercanc\u00edas Cantabria","transporte por carretera cantabria","Transporte profesional de mercanc\u00edas"],"articleSection":["ACTUALIDAD"],"inLanguage":"en-GB"},{"@type":"WebPage","@id":"https:\/\/www.jlmardaras.es\/transporte-profesional-de-mercancias\/","url":"https:\/\/www.jlmardaras.es\/transporte-profesional-de-mercancias\/","name":"Transporte profesional de mercanc\u00edas - Grupo MARDARAS","isPartOf":{"@id":"https:\/\/www.jlmardaras.es\/#website"},"datePublished":"2020-11-20T14:24:35+00:00","dateModified":"2020-11-20T14:24:35+00:00","breadcrumb":{"@id":"https:\/\/www.jlmardaras.es\/transporte-profesional-de-mercancias\/#breadcrumb"},"inLanguage":"en-GB","potentialAction":[{"@type":"ReadAction","target":["https:\/\/www.jlmardaras.es\/transporte-profesional-de-mercancias\/"]}]},{"@type":"BreadcrumbList","@id":"https:\/\/www.jlmardaras.es\/transporte-profesional-de-mercancias\/#breadcrumb","itemListElement":[{"@type":"ListItem","position":1,"name":"Portada","item":"https:\/\/www.jlmardaras.es\/"},{"@type":"ListItem","position":2,"name":"Transporte profesional de mercanc\u00edas"}]},{"@type":"WebSite","@id":"https:\/\/www.jlmardaras.es\/#website","url":"https:\/\/www.jlmardaras.es\/","name":"Grupo MARDARAS","description":"Transportes y Gruas","publisher":{"@id":"https:\/\/www.jlmardaras.es\/#organization"},"potentialAction":[{"@type":"SearchAction","target":{"@type":"EntryPoint","urlTemplate":"https:\/\/www.jlmardaras.es\/?s={search_term_string}"},"query-input":"required name=search_term_string"}],"inLanguage":"en-GB"},{"@type":"Organization","@id":"https:\/\/www.jlmardaras.es\/#organization","name":"Grupo MARDARAS","url":"https:\/\/www.jlmardaras.es\/","logo":{"@type":"ImageObject","inLanguage":"en-GB","@id":"https:\/\/www.jlmardaras.es\/#\/schema\/logo\/image\/","url":"https:\/\/www.jlmardaras.es\/wp-content\/uploads\/2022\/12\/cropped-logo-mardaras-izq.jpeg","contentUrl":"https:\/\/www.jlmardaras.es\/wp-content\/uploads\/2022\/12\/cropped-logo-mardaras-izq.jpeg","width":320,"height":108,"caption":"Grupo MARDARAS"},"image":{"@id":"https:\/\/www.jlmardaras.es\/#\/schema\/logo\/image\/"}},{"@type":"Person","@id":"https:\/\/www.jlmardaras.es\/#\/schema\/person\/b278ff41dcd29e841ec6c88599bc0f41","name":"JLMardaras","image":{"@type":"ImageObject","inLanguage":"en-GB","@id":"https:\/\/www.jlmardaras.es\/#\/schema\/person\/image\/","url":"https:\/\/secure.gravatar.com\/avatar\/1698fce417cb2066a686ff5051a43ef81c56a442278f842a054b18f0c14974ef?s=96&d=mm&r=g","contentUrl":"https:\/\/secure.gravatar.com\/avatar\/1698fce417cb2066a686ff5051a43ef81c56a442278f842a054b18f0c14974ef?s=96&d=mm&r=g","caption":"JLMardaras"},"url":"https:\/\/www.jlmardaras.es\/en\/author\/jlmardaras\/"}]}},"_links":{"self":[{"href":"https:\/\/www.jlmardaras.es\/en\/wp-json\/wp\/v2\/posts\/1194","targetHints":{"allow":["GET"]}}],"collection":[{"href":"https:\/\/www.jlmardaras.es\/en\/wp-json\/wp\/v2\/posts"}],"about":[{"href":"https:\/\/www.jlmardaras.es\/en\/wp-json\/wp\/v2\/types\/post"}],"author":[{"embeddable":true,"href":"https:\/\/www.jlmardaras.es\/en\/wp-json\/wp\/v2\/users\/2"}],"replies":[{"embeddable":true,"href":"https:\/\/www.jlmardaras.es\/en\/wp-json\/wp\/v2\/comments?post=1194"}],"version-history":[{"count":0,"href":"https:\/\/www.jlmardaras.es\/en\/wp-json\/wp\/v2\/posts\/1194\/revisions"}],"wp:featuredmedia":[{"embeddable":true,"href":"https:\/\/www.jlmardaras.es\/en\/wp-json\/wp\/v2\/media\/942"}],"wp:attachment":[{"href":"https:\/\/www.jlmardaras.es\/en\/wp-json\/wp\/v2\/media?parent=1194"}],"wp:term":[{"taxonomy":"category","embeddable":true,"href":"https:\/\/www.jlmardaras.es\/en\/wp-json\/wp\/v2\/categories?post=1194"},{"taxonomy":"post_tag","embeddable":true,"href":"https:\/\/www.jlmardaras.es\/en\/wp-json\/wp\/v2\/tags?post=1194"}],"curies":[{"name":"wp","href":"https:\/\/api.w.org\/{rel}","templated":true}]}}